{"id":2126,"date":"2018-02-19T17:34:49","date_gmt":"2018-02-19T17:34:49","guid":{"rendered":"http:\/\/vsstpoelten-harland.ac.at\/?p=2126"},"modified":"2018-02-19T17:38:57","modified_gmt":"2018-02-19T17:38:57","slug":"2126","status":"publish","type":"post","link":"https:\/\/vsstpoelten-harland.ac.at\/?p=2126","title":{"rendered":"Peter und der Wolf"},"content":{"rendered":"<p><img loading=\"lazy\" decoding=\"async\" class=\"alignnone size-medium wp-image-2127\" src=\"https:\/\/vsstpoelten-harland.ac.at\/wp-content\/uploads\/2018\/02\/IMG_2549-e1519061336435-225x300.jpg\" alt=\"\" width=\"225\" height=\"300\" \/>\u00a0 \u00a0 \u00a0\u00a0<img loading=\"lazy\" decoding=\"async\" class=\"alignnone size-medium wp-image-2128\" src=\"https:\/\/vsstpoelten-harland.ac.at\/wp-content\/uploads\/2018\/02\/IMG_2550-e1519061352783-225x300.jpg\" alt=\"\" width=\"225\" height=\"300\" \/><\/p>\n<h5><span style=\"color: #339966;\">Heute hat sich die gesamte Volksschule Harland das\u00a0<span style=\"color: #99cc00;\">musikalische M\u00e4rchen &#8222;Peter und der Wolf&#8220; von Sergej Prokofjev<\/span>\u00a0in der B\u00fchne im Hof angeh\u00f6rt! Adrian und Matilda durften sogar auf die B\u00fchne und die Klarinette bzw. das Fagott n\u00e4her kennenlernen. <\/span><\/h5>\n<h5><span style=\"color: #339966;\"><img loading=\"lazy\" decoding=\"async\" class=\"alignnone wp-image-2129\" style=\"color: #141412; font-family: 'Source Sans Pro', Helvetica, sans-serif; font-size: 16px;\" src=\"https:\/\/vsstpoelten-harland.ac.at\/wp-content\/uploads\/2018\/02\/IMG_2555-e1519061377904-300x225.jpg\" alt=\"\" width=\"467\" height=\"350\" \/><\/span><\/h5>\n<h5><span style=\"color: #339966;\">Es war ganz besonders toll, da die Kinder im Anschluss alle Instrumente ausprobieren durften!<\/span><\/h5>\n","protected":false},"excerpt":{"rendered":"<p>\u00a0 \u00a0 \u00a0\u00a0 Heute hat sich die gesamte Volksschule Harland das\u00a0musikalische M\u00e4rchen &#8222;Peter und der Wolf&#8220; von Sergej Prokofjev\u00a0in der B\u00fchne im Hof angeh\u00f6rt! Adrian und Matilda durften sogar auf die B\u00fchne und die Klarinette bzw. das Fagott n\u00e4her kennenlernen. Es war ganz besonders toll, da die Kinder im Anschluss alle Instrumente ausprobieren durften!<\/p>\n","protected":false},"author":3,"featured_media":0,"comment_status":"closed","ping_status":"closed","sticky":false,"template":"","format":"standard","meta":{"footnotes":""},"categories":[5],"tags":[],"class_list":["post-2126","post","type-post","status-publish","format-standard","hentry","category-vs-harland"],"_links":{"self":[{"href":"https:\/\/vsstpoelten-harland.ac.at\/index.php?rest_route=\/wp\/v2\/posts\/2126","targetHints":{"allow":["GET"]}}],"collection":[{"href":"https:\/\/vsstpoelten-harland.ac.at\/index.php?rest_route=\/wp\/v2\/posts"}],"about":[{"href":"https:\/\/vsstpoelten-harland.ac.at\/index.php?rest_route=\/wp\/v2\/types\/post"}],"author":[{"embeddable":true,"href":"https:\/\/vsstpoelten-harland.ac.at\/index.php?rest_route=\/wp\/v2\/users\/3"}],"replies":[{"embeddable":true,"href":"https:\/\/vsstpoelten-harland.ac.at\/index.php?rest_route=%2Fwp%2Fv2%2Fcomments&post=2126"}],"version-history":[{"count":6,"href":"https:\/\/vsstpoelten-harland.ac.at\/index.php?rest_route=\/wp\/v2\/posts\/2126\/revisions"}],"predecessor-version":[{"id":2135,"href":"https:\/\/vsstpoelten-harland.ac.at\/index.php?rest_route=\/wp\/v2\/posts\/2126\/revisions\/2135"}],"wp:attachment":[{"href":"https:\/\/vsstpoelten-harland.ac.at\/index.php?rest_route=%2Fwp%2Fv2%2Fmedia&parent=2126"}],"wp:term":[{"taxonomy":"category","embeddable":true,"href":"https:\/\/vsstpoelten-harland.ac.at\/index.php?rest_route=%2Fwp%2Fv2%2Fcategories&post=2126"},{"taxonomy":"post_tag","embeddable":true,"href":"https:\/\/vsstpoelten-harland.ac.at\/index.php?rest_route=%2Fwp%2Fv2%2Ftags&post=2126"}],"curies":[{"name":"wp","href":"https:\/\/api.w.org\/{rel}","templated":true}]}}